{"id":1502,"date":"2022-08-25T11:07:27","date_gmt":"2022-08-25T09:07:27","guid":{"rendered":"https:\/\/tousavecclement.fr\/?p=1502"},"modified":"2022-08-29T17:59:26","modified_gmt":"2022-08-29T15:59:26","slug":"septembre-en-or","status":"publish","type":"post","link":"https:\/\/tousavecclement.fr\/?p=1502","title":{"rendered":"Septembre en OR"},"content":{"rendered":"<div class=\"wp-block-image\">\n<figure class=\"aligncenter size-large\"><img loading=\"lazy\" decoding=\"async\" width=\"1024\" height=\"343\" src=\"http:\/\/tousavecclement.fr\/wp-content\/uploads\/2022\/08\/Capture-decran-2022-08-25-105302-1024x343.png\" alt=\"Septembre en Or\" class=\"wp-image-1499\" srcset=\"https:\/\/tousavecclement.fr\/wp-content\/uploads\/2022\/08\/Capture-decran-2022-08-25-105302-1024x343.png 1024w, https:\/\/tousavecclement.fr\/wp-content\/uploads\/2022\/08\/Capture-decran-2022-08-25-105302-300x100.png 300w, https:\/\/tousavecclement.fr\/wp-content\/uploads\/2022\/08\/Capture-decran-2022-08-25-105302-768x257.png 768w, https:\/\/tousavecclement.fr\/wp-content\/uploads\/2022\/08\/Capture-decran-2022-08-25-105302.png 1078w\" sizes=\"auto, (max-width: 1024px) 100vw, 1024px\" \/><\/figure><\/div>\n\n\n<p>Cette ann\u00e9e, Monsieur Jean-Louis DURAND, Pr\u00e9sident de la Communaut\u00e9 de communes Plaines et Monts de France soutient&nbsp;la campagne de sensibilisation au profit de la recherche et d\u2019un meilleur accompagnement des cancers p\u00e9diatriques. Cette action aura lieu tout le mois de septembre d\u00e9nomm\u00e9e \u00ab&nbsp;<a href=\"https:\/\/tousavecclement.fr\/?p=159\">Septembre en Or<\/a>&nbsp;\u00bb port\u00e9e par l\u2019association \u00ab&nbsp;<a href=\"https:\/\/tousavecclement.fr\/?p=151\">Tous avec Cl\u00e9ment&nbsp;<\/a>\u00bb, ainsi&nbsp;Monsieur Jean-Louis DURAND, a le plaisir de vous inviter \u00e0 la&nbsp;:<\/p>\n\n\n\n<p><\/p>\n\n\n<div class=\"wp-block-image\">\n<figure class=\"aligncenter size-full\"><img loading=\"lazy\" decoding=\"async\" width=\"397\" height=\"748\" src=\"http:\/\/tousavecclement.fr\/wp-content\/uploads\/2022\/08\/Capture-decran-2022-08-25-110215.png\" alt=\"Programme des \u00e9v\u00e8nements\" class=\"wp-image-1504\" srcset=\"https:\/\/tousavecclement.fr\/wp-content\/uploads\/2022\/08\/Capture-decran-2022-08-25-110215.png 397w, https:\/\/tousavecclement.fr\/wp-content\/uploads\/2022\/08\/Capture-decran-2022-08-25-110215-159x300.png 159w\" sizes=\"auto, (max-width: 397px) 100vw, 397px\" \/><\/figure><\/div>\n\n\n<p>Nous vous donnons rendez vous le mardi 6 septembre pour une soir\u00e9e th\u00e9\u00e2tre \u00ab\u00a0Scandale et tarte aux pommes\u00a0\u00bb \u00e0 la salle des brumiers de Saint Pathus! Pensez \u00e0 r\u00e9server en cliquant sur le lien ci dessous<\/p>\n\n\n\n<div class=\"wp-block-buttons is-content-justification-center is-layout-flex wp-container-core-buttons-is-layout-1 wp-block-buttons-is-layout-flex\">\n<div class=\"wp-block-button\"><a class=\"wp-block-button__link\" href=\"https:\/\/www.helloasso.com\/associations\/tous-avec-clement\/evenements\/soiree-theatrale-a-st-pathus\">Je r\u00e9serve<\/a><\/div>\n<\/div>\n","protected":false},"excerpt":{"rendered":"<p>Cette ann\u00e9e, Monsieur Jean-Louis DURAND, Pr\u00e9sident de la Communaut\u00e9 de communes Plaines et Monts de France soutient&nbsp;la campagne de sensibilisation au profit de la recherche et d\u2019un meilleur accompagnement des cancers p\u00e9diatriques. Cette action aura lieu tout le mois de septembre d\u00e9nomm\u00e9e \u00ab&nbsp;Septembre en Or&nbsp;\u00bb port\u00e9e par l\u2019association \u00ab&nbsp;Tous avec Cl\u00e9ment&nbsp;\u00bb, ainsi&nbsp;Monsieur Jean-Louis DURAND, a&hellip;&nbsp;<a href=\"https:\/\/tousavecclement.fr\/?p=1502\" class=\"\" rel=\"bookmark\">Lire la suite &raquo;<span class=\"screen-reader-text\">Septembre en OR<\/span><\/a><\/p>\n","protected":false},"author":1,"featured_media":0,"comment_status":"open","ping_status":"open","sticky":false,"template":"","format":"standard","meta":{"neve_meta_sidebar":"","neve_meta_container":"","neve_meta_enable_content_width":"","neve_meta_content_width":0,"neve_meta_title_alignment":"","neve_meta_author_avatar":"","neve_post_elements_order":"","neve_meta_disable_header":"","neve_meta_disable_footer":"","neve_meta_disable_title":"","footnotes":""},"categories":[1],"tags":[],"class_list":["post-1502","post","type-post","status-publish","format-standard","hentry","category-non-classe"],"yoast_head":"<!-- This site is optimized with the Yoast SEO plugin v18.8 - https:\/\/yoast.com\/wordpress\/plugins\/seo\/ -->\n<title>Septembre en OR - Tous Avec Cl\u00e9ment<\/title>\n<meta name=\"description\" content=\"Cette ann\u00e9e, Monsieur Jean-Louis DURAND, Pr\u00e9sident de la Communaut\u00e9 de communes Plaines et Monts de France soutient la campagne\" \/>\n<meta name=\"robots\" content=\"index, follow, max-snippet:-1, max-image-preview:large, max-video-preview:-1\" \/>\n<link rel=\"canonical\" href=\"https:\/\/tousavecclement.fr\/?p=1502\" \/>\n<meta property=\"og:locale\" content=\"fr_FR\" \/>\n<meta property=\"og:type\" content=\"article\" \/>\n<meta property=\"og:title\" content=\"Septembre en OR - Tous Avec Cl\u00e9ment\" \/>\n<meta property=\"og:description\" content=\"Cette ann\u00e9e, Monsieur Jean-Louis DURAND, Pr\u00e9sident de la Communaut\u00e9 de communes Plaines et Monts de France soutient la campagne\" \/>\n<meta property=\"og:url\" content=\"https:\/\/tousavecclement.fr\/?p=1502\" \/>\n<meta property=\"og:site_name\" content=\"Tous Avec Cl\u00e9ment\" \/>\n<meta property=\"article:published_time\" content=\"2022-08-25T09:07:27+00:00\" \/>\n<meta property=\"article:modified_time\" content=\"2022-08-29T15:59:26+00:00\" \/>\n<meta property=\"og:image\" content=\"http:\/\/tousavecclement.fr\/wp-content\/uploads\/2022\/08\/Capture-decran-2022-08-25-105302-1024x343.png\" \/>\n<meta name=\"twitter:card\" content=\"summary_large_image\" \/>\n<meta name=\"twitter:label1\" content=\"\u00c9crit par\" \/>\n\t<meta name=\"twitter:data1\" content=\"Tous avec Cl\u00e9ment\" \/>\n\t<meta name=\"twitter:label2\" content=\"Dur\u00e9e de lecture estim\u00e9e\" \/>\n\t<meta name=\"twitter:data2\" content=\"1 minute\" \/>\n<script type=\"application\/ld+json\" class=\"yoast-schema-graph\">{\"@context\":\"https:\/\/schema.org\",\"@graph\":[{\"@type\":\"WebSite\",\"@id\":\"https:\/\/tousavecclement.fr\/#website\",\"url\":\"https:\/\/tousavecclement.fr\/\",\"name\":\"Tous Avec Cl\u00e9ment\",\"description\":\"\",\"potentialAction\":[{\"@type\":\"SearchAction\",\"target\":{\"@type\":\"EntryPoint\",\"urlTemplate\":\"https:\/\/tousavecclement.fr\/?s={search_term_string}\"},\"query-input\":\"required name=search_term_string\"}],\"inLanguage\":\"fr-FR\"},{\"@type\":\"ImageObject\",\"inLanguage\":\"fr-FR\",\"@id\":\"https:\/\/tousavecclement.fr\/?p=1502#primaryimage\",\"url\":\"https:\/\/tousavecclement.fr\/wp-content\/uploads\/2022\/08\/Capture-decran-2022-08-25-105302.png\",\"contentUrl\":\"https:\/\/tousavecclement.fr\/wp-content\/uploads\/2022\/08\/Capture-decran-2022-08-25-105302.png\",\"width\":1078,\"height\":361,\"caption\":\"Septembre en Or\"},{\"@type\":\"WebPage\",\"@id\":\"https:\/\/tousavecclement.fr\/?p=1502#webpage\",\"url\":\"https:\/\/tousavecclement.fr\/?p=1502\",\"name\":\"Septembre en OR - Tous Avec Cl\u00e9ment\",\"isPartOf\":{\"@id\":\"https:\/\/tousavecclement.fr\/#website\"},\"primaryImageOfPage\":{\"@id\":\"https:\/\/tousavecclement.fr\/?p=1502#primaryimage\"},\"datePublished\":\"2022-08-25T09:07:27+00:00\",\"dateModified\":\"2022-08-29T15:59:26+00:00\",\"author\":{\"@id\":\"https:\/\/tousavecclement.fr\/#\/schema\/person\/8e2e1b7a254f819fd38d8072826b9589\"},\"description\":\"Cette ann\u00e9e, Monsieur Jean-Louis DURAND, Pr\u00e9sident de la Communaut\u00e9 de communes Plaines et Monts de France soutient la campagne\",\"breadcrumb\":{\"@id\":\"https:\/\/tousavecclement.fr\/?p=1502#breadcrumb\"},\"inLanguage\":\"fr-FR\",\"potentialAction\":[{\"@type\":\"ReadAction\",\"target\":[\"https:\/\/tousavecclement.fr\/?p=1502\"]}]},{\"@type\":\"BreadcrumbList\",\"@id\":\"https:\/\/tousavecclement.fr\/?p=1502#breadcrumb\",\"itemListElement\":[{\"@type\":\"ListItem\",\"position\":1,\"name\":\"Accueil\",\"item\":\"https:\/\/tousavecclement.fr\/\"},{\"@type\":\"ListItem\",\"position\":2,\"name\":\"Septembre en OR\"}]},{\"@type\":\"Person\",\"@id\":\"https:\/\/tousavecclement.fr\/#\/schema\/person\/8e2e1b7a254f819fd38d8072826b9589\",\"name\":\"Tous avec Cl\u00e9ment\",\"image\":{\"@type\":\"ImageObject\",\"inLanguage\":\"fr-FR\",\"@id\":\"https:\/\/tousavecclement.fr\/#\/schema\/person\/image\/\",\"url\":\"https:\/\/secure.gravatar.com\/avatar\/f7ca19f60a18a4fa2fd88240de8e2616?s=96&d=mm&r=g\",\"contentUrl\":\"https:\/\/secure.gravatar.com\/avatar\/f7ca19f60a18a4fa2fd88240de8e2616?s=96&d=mm&r=g\",\"caption\":\"Tous avec Cl\u00e9ment\"},\"sameAs\":[\"http:\/\/tousavecclement.fr\"],\"url\":\"https:\/\/tousavecclement.fr\/?author=1\"}]}<\/script>\n<!-- \/ Yoast SEO plugin. -->","yoast_head_json":{"title":"Septembre en OR - Tous Avec Cl\u00e9ment","description":"Cette ann\u00e9e, Monsieur Jean-Louis DURAND, Pr\u00e9sident de la Communaut\u00e9 de communes Plaines et Monts de France soutient la campagne","robots":{"index":"index","follow":"follow","max-snippet":"max-snippet:-1","max-image-preview":"max-image-preview:large","max-video-preview":"max-video-preview:-1"},"canonical":"https:\/\/tousavecclement.fr\/?p=1502","og_locale":"fr_FR","og_type":"article","og_title":"Septembre en OR - Tous Avec Cl\u00e9ment","og_description":"Cette ann\u00e9e, Monsieur Jean-Louis DURAND, Pr\u00e9sident de la Communaut\u00e9 de communes Plaines et Monts de France soutient la campagne","og_url":"https:\/\/tousavecclement.fr\/?p=1502","og_site_name":"Tous Avec Cl\u00e9ment","article_published_time":"2022-08-25T09:07:27+00:00","article_modified_time":"2022-08-29T15:59:26+00:00","og_image":[{"url":"http:\/\/tousavecclement.fr\/wp-content\/uploads\/2022\/08\/Capture-decran-2022-08-25-105302-1024x343.png"}],"twitter_card":"summary_large_image","twitter_misc":{"\u00c9crit par":"Tous avec Cl\u00e9ment","Dur\u00e9e de lecture estim\u00e9e":"1 minute"},"schema":{"@context":"https:\/\/schema.org","@graph":[{"@type":"WebSite","@id":"https:\/\/tousavecclement.fr\/#website","url":"https:\/\/tousavecclement.fr\/","name":"Tous Avec Cl\u00e9ment","description":"","potentialAction":[{"@type":"SearchAction","target":{"@type":"EntryPoint","urlTemplate":"https:\/\/tousavecclement.fr\/?s={search_term_string}"},"query-input":"required name=search_term_string"}],"inLanguage":"fr-FR"},{"@type":"ImageObject","inLanguage":"fr-FR","@id":"https:\/\/tousavecclement.fr\/?p=1502#primaryimage","url":"https:\/\/tousavecclement.fr\/wp-content\/uploads\/2022\/08\/Capture-decran-2022-08-25-105302.png","contentUrl":"https:\/\/tousavecclement.fr\/wp-content\/uploads\/2022\/08\/Capture-decran-2022-08-25-105302.png","width":1078,"height":361,"caption":"Septembre en Or"},{"@type":"WebPage","@id":"https:\/\/tousavecclement.fr\/?p=1502#webpage","url":"https:\/\/tousavecclement.fr\/?p=1502","name":"Septembre en OR - Tous Avec Cl\u00e9ment","isPartOf":{"@id":"https:\/\/tousavecclement.fr\/#website"},"primaryImageOfPage":{"@id":"https:\/\/tousavecclement.fr\/?p=1502#primaryimage"},"datePublished":"2022-08-25T09:07:27+00:00","dateModified":"2022-08-29T15:59:26+00:00","author":{"@id":"https:\/\/tousavecclement.fr\/#\/schema\/person\/8e2e1b7a254f819fd38d8072826b9589"},"description":"Cette ann\u00e9e, Monsieur Jean-Louis DURAND, Pr\u00e9sident de la Communaut\u00e9 de communes Plaines et Monts de France soutient la campagne","breadcrumb":{"@id":"https:\/\/tousavecclement.fr\/?p=1502#breadcrumb"},"inLanguage":"fr-FR","potentialAction":[{"@type":"ReadAction","target":["https:\/\/tousavecclement.fr\/?p=1502"]}]},{"@type":"BreadcrumbList","@id":"https:\/\/tousavecclement.fr\/?p=1502#breadcrumb","itemListElement":[{"@type":"ListItem","position":1,"name":"Accueil","item":"https:\/\/tousavecclement.fr\/"},{"@type":"ListItem","position":2,"name":"Septembre en OR"}]},{"@type":"Person","@id":"https:\/\/tousavecclement.fr\/#\/schema\/person\/8e2e1b7a254f819fd38d8072826b9589","name":"Tous avec Cl\u00e9ment","image":{"@type":"ImageObject","inLanguage":"fr-FR","@id":"https:\/\/tousavecclement.fr\/#\/schema\/person\/image\/","url":"https:\/\/secure.gravatar.com\/avatar\/f7ca19f60a18a4fa2fd88240de8e2616?s=96&d=mm&r=g","contentUrl":"https:\/\/secure.gravatar.com\/avatar\/f7ca19f60a18a4fa2fd88240de8e2616?s=96&d=mm&r=g","caption":"Tous avec Cl\u00e9ment"},"sameAs":["http:\/\/tousavecclement.fr"],"url":"https:\/\/tousavecclement.fr\/?author=1"}]}},"_links":{"self":[{"href":"https:\/\/tousavecclement.fr\/index.php?rest_route=\/wp\/v2\/posts\/1502","targetHints":{"allow":["GET"]}}],"collection":[{"href":"https:\/\/tousavecclement.fr\/index.php?rest_route=\/wp\/v2\/posts"}],"about":[{"href":"https:\/\/tousavecclement.fr\/index.php?rest_route=\/wp\/v2\/types\/post"}],"author":[{"embeddable":true,"href":"https:\/\/tousavecclement.fr\/index.php?rest_route=\/wp\/v2\/users\/1"}],"replies":[{"embeddable":true,"href":"https:\/\/tousavecclement.fr\/index.php?rest_route=%2Fwp%2Fv2%2Fcomments&post=1502"}],"version-history":[{"count":4,"href":"https:\/\/tousavecclement.fr\/index.php?rest_route=\/wp\/v2\/posts\/1502\/revisions"}],"predecessor-version":[{"id":1513,"href":"https:\/\/tousavecclement.fr\/index.php?rest_route=\/wp\/v2\/posts\/1502\/revisions\/1513"}],"wp:attachment":[{"href":"https:\/\/tousavecclement.fr\/index.php?rest_route=%2Fwp%2Fv2%2Fmedia&parent=1502"}],"wp:term":[{"taxonomy":"category","embeddable":true,"href":"https:\/\/tousavecclement.fr\/index.php?rest_route=%2Fwp%2Fv2%2Fcategories&post=1502"},{"taxonomy":"post_tag","embeddable":true,"href":"https:\/\/tousavecclement.fr\/index.php?rest_route=%2Fwp%2Fv2%2Ftags&post=1502"}],"curies":[{"name":"wp","href":"https:\/\/api.w.org\/{rel}","templated":true}]}}